{"id":4031,"date":"2023-08-30T10:03:38","date_gmt":"2023-08-30T10:03:38","guid":{"rendered":"http:\/\/curiealapitvany.hu\/?p=4031"},"modified":"2023-09-28T09:34:29","modified_gmt":"2023-09-28T09:34:29","slug":"felhivas-a-curie-matematika-emlekversenyre-2023-2024","status":"publish","type":"post","link":"http:\/\/curiealapitvany.hu\/?p=4031","title":{"rendered":"Felh\u00edv\u00e1s a Curie Matematika Eml\u00e9kversenyre 2023\/2024"},"content":{"rendered":"<div id=\"malwarebytes-root\" style=\"position: fixed; inset: 0px 0px auto; z-index: 2147483647; width: 100%;\" tabindex=\"-1\"><\/div>\n<p><a href=\"http:\/\/curiealapitvany.hu\/wp-content\/uploads\/2023\/09\/Versenyfelhivas-Matek_2023-2024_uj.pdf\" target=\"_blank\" rel=\"noopener\"><span style=\"color: #0000ff;\"><strong>A versenyfelh\u00edv\u00e1s r\u00e9szletei\u00e9rt kattintson ide! (let\u00f6lthet\u0151 PDF-form\u00e1tum)<\/strong><\/span><\/a><\/p>\n<p>A Curie Tehets\u00e9ggondoz\u00f3 \u00e9s Oktat\u00e1sfejleszt\u0151 K\u00f6zhaszn\u00fa Alap\u00edtv\u00e1ny \u00e9s a Magyar Tehets\u00e9ggondoz\u00f3 T\u00e1rsas\u00e1g k\u00e9mia \u00e9s k\u00f6rnyezetv\u00e9delmi szekci\u00f3ja a 2023\/2024-es tan\u00e9vben is meghirdeti a Curie Matematika Eml\u00e9kversenyt: az \u00e1ltal\u00e1nos iskol\u00e1k 3-4-5-6-7-8. oszt\u00e1lyos, 9. \u00e9s 10. \u00e9vfolyamos k\u00f6z\u00e9piskol\u00e1s (ill. m\u00e1s iskolat\u00edpusok ennek megfelel\u0151 \u00e9vfolyam\u00fa) magyarorsz\u00e1gi \u00e9s hat\u00e1rainkon t\u00fali magyar tanul\u00f3i sz\u00e1m\u00e1ra.<\/p>\n<p><a href=\"http:\/\/curiealapitvany.hu\/wp-content\/uploads\/2023\/09\/Versenyfelhivas-Matek_2023-2024_uj.pdf\" target=\"_blank\" rel=\"noopener\"><span style=\"color: #0000ff;\"><strong>A versenyfelh\u00edv\u00e1s r\u00e9szletei\u00e9rt kattintson ide! (let\u00f6lthet\u0151 PDF-form\u00e1tum)<\/strong><\/span><\/a><\/p>\n","protected":false},"excerpt":{"rendered":"<p>A versenyfelh\u00edv\u00e1s r\u00e9szletei\u00e9rt kattintson ide! (let\u00f6lthet\u0151 PDF-form\u00e1tum) A Curie Tehets\u00e9ggondoz\u00f3 \u00e9s Oktat\u00e1sfejleszt\u0151 K\u00f6zhaszn\u00fa Alap\u00edtv\u00e1ny \u00e9s a Magyar Tehets\u00e9ggondoz\u00f3 T\u00e1rsas\u00e1g k\u00e9mia \u00e9s k\u00f6rnyezetv\u00e9delmi szekci\u00f3ja a 2023\/2024-es tan\u00e9vben is meghirdeti a Curie Matematika Eml\u00e9kversenyt: az \u00e1ltal\u00e1nos iskol\u00e1k 3-4-5-6-7-8. oszt\u00e1lyos, 9. \u00e9s 10. \u00e9vfolyamos k\u00f6z\u00e9piskol\u00e1s (ill. m\u00e1s iskolat\u00edpusok ennek megfelel\u0151 \u00e9vfolyam\u00fa) magyarorsz\u00e1gi \u00e9s hat\u00e1rainkon t\u00fali magyar tanul\u00f3i sz\u00e1m\u00e1ra. [&hellip;]<\/p>\n","protected":false},"author":1,"featured_media":177,"comment_status":"closed","ping_status":"closed","sticky":false,"template":"","format":"standard","meta":[],"categories":[7,12,4],"tags":[],"views":4558,"_links":{"self":[{"href":"http:\/\/curiealapitvany.hu\/index.php?rest_route=\/wp\/v2\/posts\/4031"}],"collection":[{"href":"http:\/\/curiealapitvany.hu\/index.php?rest_route=\/wp\/v2\/posts"}],"about":[{"href":"http:\/\/curiealapitvany.hu\/index.php?rest_route=\/wp\/v2\/types\/post"}],"author":[{"embeddable":true,"href":"http:\/\/curiealapitvany.hu\/index.php?rest_route=\/wp\/v2\/users\/1"}],"replies":[{"embeddable":true,"href":"http:\/\/curiealapitvany.hu\/index.php?rest_route=%2Fwp%2Fv2%2Fcomments&post=4031"}],"version-history":[{"count":2,"href":"http:\/\/curiealapitvany.hu\/index.php?rest_route=\/wp\/v2\/posts\/4031\/revisions"}],"predecessor-version":[{"id":4038,"href":"http:\/\/curiealapitvany.hu\/index.php?rest_route=\/wp\/v2\/posts\/4031\/revisions\/4038"}],"wp:featuredmedia":[{"embeddable":true,"href":"http:\/\/curiealapitvany.hu\/index.php?rest_route=\/wp\/v2\/media\/177"}],"wp:attachment":[{"href":"http:\/\/curiealapitvany.hu\/index.php?rest_route=%2Fwp%2Fv2%2Fmedia&parent=4031"}],"wp:term":[{"taxonomy":"category","embeddable":true,"href":"http:\/\/curiealapitvany.hu\/index.php?rest_route=%2Fwp%2Fv2%2Fcategories&post=4031"},{"taxonomy":"post_tag","embeddable":true,"href":"http:\/\/curiealapitvany.hu\/index.php?rest_route=%2Fwp%2Fv2%2Ftags&post=4031"}],"curies":[{"name":"wp","href":"https:\/\/api.w.org\/{rel}","templated":true}]}}