{"id":4694,"date":"2025-10-16T08:29:06","date_gmt":"2025-10-16T08:29:06","guid":{"rendered":"http:\/\/curiealapitvany.hu\/?p=4694"},"modified":"2025-10-17T08:33:29","modified_gmt":"2025-10-17T08:33:29","slug":"a-2025-26-os-curie-emlekversenyek-versenyfelhivasai-es-fontosabb-idopontjai","status":"publish","type":"post","link":"http:\/\/curiealapitvany.hu\/?p=4694","title":{"rendered":"A 2025-26-os Curie Eml\u00e9kversenyek versenyfelh\u00edv\u00e1sai \u00e9s fontosabb id\u0151pontjai"},"content":{"rendered":"<h3><span style=\"color: #ff0000;\"><strong><span style=\"color: #000000;\">Nevez\u00e9si hat\u00e1rid\u0151 hosszabb\u00edt\u00e1s:<\/span> 2025. november 7.<\/strong><\/span><\/h3>\n<p><strong>Versenyfelh\u00edv\u00e1sok 2025-2026:<\/strong><\/p>\n<p><span style=\"color: #3366ff;\"><a style=\"color: #3366ff;\" href=\"http:\/\/curiealapitvany.hu\/wp-content\/uploads\/2025\/07\/Versenyfelhivas-Matek_2025-2026.pdf\" target=\"_blank\" rel=\"noopener\">Curie<strong> <em>Matematika<\/em><\/strong> Eml\u00e9kverseny 2025-2026<\/a><\/span><br \/>\n<span style=\"color: #3366ff;\"><a style=\"color: #3366ff;\" href=\"http:\/\/curiealapitvany.hu\/wp-content\/uploads\/2025\/07\/Versenyfelhivas_Kemia_2025-2026.pdf\" target=\"_blank\" rel=\"noopener\">Curie <strong><em>K\u00e9mia<\/em><\/strong> Eml\u00e9kverseny 2025-2026<\/a><\/span><br \/>\n<span style=\"color: #3366ff;\"><a style=\"color: #3366ff;\" href=\"http:\/\/curiealapitvany.hu\/wp-content\/uploads\/2025\/07\/Versenyfelhivas-Kornyi_2025-2026.pdf\" target=\"_blank\" rel=\"noopener\">Curie <strong><em>K\u00f6rnyezetv\u00e9delmi<\/em><\/strong> Eml\u00e9kverseny 2025-2026<\/a><\/span><br \/>\n<span style=\"color: #3366ff;\"><a style=\"color: #3366ff;\" href=\"http:\/\/curiealapitvany.hu\/wp-content\/uploads\/2025\/07\/Versenyfelhivas_Kiserlet_bemutato_2025-2026.pdf\" target=\"_blank\" rel=\"noopener\">Curie <strong><em>K\u00e9mia K\u00eds\u00e9rlet<\/em><\/strong>verseny 2025-2026<\/a><\/span><\/p>\n<p><strong>A Curie Eml\u00e9kversenyek\u00a0<\/strong><strong>helysz\u00edni fordul\u00f3inak id\u0151pontjai <\/strong><strong>2025-2026:<\/strong><\/p>\n<p><u>Ter\u00fcleti d\u00f6nt\u0151k:<\/u><\/p>\n<p><strong>2026. febru\u00e1r 6.<\/strong> Curie<strong> <em>Matematika<\/em><\/strong> Eml\u00e9kverseny ter\u00fcleti d\u00f6nt\u0151i<br \/>\n<strong>2026. febru\u00e1r 16.<\/strong> Curie <strong><em>K\u00e9mia K\u00eds\u00e9rlet<\/em><\/strong>verseny ter\u00fcleti d\u00f6nt\u0151i<br \/>\n<strong>2026. febru\u00e1r 16.<\/strong> Curie <strong><em>K\u00e9mia<\/em><\/strong> Eml\u00e9kverseny ter\u00fcleti d\u00f6nt\u0151i<br \/>\n<strong>2026. febru\u00e1r 27.<\/strong> Curie <strong><em>K\u00f6rnyezetv\u00e9delmi<\/em><\/strong> Eml\u00e9kverseny ter\u00fcleti d\u00f6nt\u0151i<\/p>\n<p><u>Orsz\u00e1gos d\u00f6nt\u0151k:<\/u><\/p>\n<p><strong>2026. m\u00e1rcius 28. <\/strong>Curie <strong><em>Matematika<\/em><\/strong> Eml\u00e9kverseny d\u00f6nt\u0151je (Szolnok)<br \/>\n<strong>2026. \u00e1prilis 24.<\/strong> Curie <strong><em>K\u00e9mia K\u00eds\u00e9rlet<\/em><\/strong>verseny d\u00f6nt\u0151je (Szolnok)<br \/>\n<strong>2026. \u00e1prilis 25. <\/strong> Curie <strong><em>K\u00e9mia<\/em><\/strong> Eml\u00e9kverseny d\u00f6nt\u0151je (Szolnok)<br \/>\n<strong>2026. m\u00e1jus 16. <\/strong>Curie <strong><em>K\u00f6rnyezetv\u00e9delmi<\/em><\/strong> Eml\u00e9kverseny d\u00f6nt\u0151je (Szolnok)<\/p>\n","protected":false},"excerpt":{"rendered":"<p>Nevez\u00e9si hat\u00e1rid\u0151 hosszabb\u00edt\u00e1s: 2025. november 7. Versenyfelh\u00edv\u00e1sok 2025-2026: Curie Matematika Eml\u00e9kverseny 2025-2026 Curie K\u00e9mia Eml\u00e9kverseny 2025-2026 Curie K\u00f6rnyezetv\u00e9delmi Eml\u00e9kverseny 2025-2026 Curie K\u00e9mia K\u00eds\u00e9rletverseny 2025-2026 A Curie Eml\u00e9kversenyek\u00a0helysz\u00edni fordul\u00f3inak id\u0151pontjai 2025-2026: Ter\u00fcleti d\u00f6nt\u0151k: 2026. febru\u00e1r 6. Curie Matematika Eml\u00e9kverseny ter\u00fcleti d\u00f6nt\u0151i 2026. febru\u00e1r 16. Curie K\u00e9mia K\u00eds\u00e9rletverseny ter\u00fcleti d\u00f6nt\u0151i 2026. febru\u00e1r 16. Curie K\u00e9mia Eml\u00e9kverseny ter\u00fcleti [&hellip;]<\/p>\n","protected":false},"author":1,"featured_media":2976,"comment_status":"closed","ping_status":"closed","sticky":false,"template":"","format":"standard","meta":[],"categories":[7,13,39,14,12,4],"tags":[],"views":11816,"_links":{"self":[{"href":"http:\/\/curiealapitvany.hu\/index.php?rest_route=\/wp\/v2\/posts\/4694"}],"collection":[{"href":"http:\/\/curiealapitvany.hu\/index.php?rest_route=\/wp\/v2\/posts"}],"about":[{"href":"http:\/\/curiealapitvany.hu\/index.php?rest_route=\/wp\/v2\/types\/post"}],"author":[{"embeddable":true,"href":"http:\/\/curiealapitvany.hu\/index.php?rest_route=\/wp\/v2\/users\/1"}],"replies":[{"embeddable":true,"href":"http:\/\/curiealapitvany.hu\/index.php?rest_route=%2Fwp%2Fv2%2Fcomments&post=4694"}],"version-history":[{"count":3,"href":"http:\/\/curiealapitvany.hu\/index.php?rest_route=\/wp\/v2\/posts\/4694\/revisions"}],"predecessor-version":[{"id":4710,"href":"http:\/\/curiealapitvany.hu\/index.php?rest_route=\/wp\/v2\/posts\/4694\/revisions\/4710"}],"wp:featuredmedia":[{"embeddable":true,"href":"http:\/\/curiealapitvany.hu\/index.php?rest_route=\/wp\/v2\/media\/2976"}],"wp:attachment":[{"href":"http:\/\/curiealapitvany.hu\/index.php?rest_route=%2Fwp%2Fv2%2Fmedia&parent=4694"}],"wp:term":[{"taxonomy":"category","embeddable":true,"href":"http:\/\/curiealapitvany.hu\/index.php?rest_route=%2Fwp%2Fv2%2Fcategories&post=4694"},{"taxonomy":"post_tag","embeddable":true,"href":"http:\/\/curiealapitvany.hu\/index.php?rest_route=%2Fwp%2Fv2%2Ftags&post=4694"}],"curies":[{"name":"wp","href":"https:\/\/api.w.org\/{rel}","templated":true}]}}